{"id":509,"date":"2020-04-14T20:06:49","date_gmt":"2020-04-15T01:06:49","guid":{"rendered":"https:\/\/www.aldia.unah.edu.pe\/?p=509"},"modified":"2020-05-03T20:19:33","modified_gmt":"2020-05-04T01:19:33","slug":"https-forms-gle-dsmclenajykw1t6w8","status":"publish","type":"post","link":"https:\/\/aldia.unah.edu.pe\/?p=509","title":{"rendered":"Destacados investigadores piden repensar la Sierra e investigar sus profundos y recientes cambios"},"content":{"rendered":"\n<amp-fit-text layout=\"fixed-height\" min-font-size=\"6\" max-font-size=\"72\" height=\"90\"><p class=\"has-text-color has-drop-cap has-text-align-left has-regular-font-size has-vivid-cyan-blue-color\">El Concytec, a trav\u00e9s del Programa Especial de Popularizaci\u00f3n de la Ciencia, Tecnolog\u00eda e Innovaci\u00f3n Tecnol\u00f3gica (PPOP), realiz\u00f3 el coloquio Ciencia y Sociedad, por primera vez bajo la modalidad virtual, teniendo como tema a la Sierra. El evento se dividi\u00f3 en tres bloques, con un panel de destacados investigadores: Richard Webb, Nicole Bernex, Silvana Vargas, Marissa Remy, Nilda Varas, H\u00e9ctor Maletta, Fernando Eguren, Carlos Amat y Le\u00f3n, V\u00edctor Vich, Arturo Manrique, Juan Torres, Luz G\u00f3mez y Gonzalo Romero, quienes ofreciendo distintas visiones y reflexiones sobre el fundamental campo de la Sierra Andina peruana.<\/p><\/amp-fit-text>\n\n\n\n<p><strong>Acceda a las presentaciones del coloquio, a continuaci\u00f3n:<\/strong><\/p>\n\n\n\n<ol class=\"wp-block-list\"><li><strong><a href=\"https:\/\/portal.concytec.gob.pe\/images\/coloquio_cs_la_sierra\/coloquio_La_Sierra-Presentacion-Fernando_Eguren.pdf\" target=\"_blank\" rel=\"noreferrer noopener\">Presentaci\u00f3n &#8211; Fernando EgurenPresentaci\u00f3n &#8211; Fernando Eguren<\/a><\/strong><\/li><li><strong><a href=\"https:\/\/portal.concytec.gob.pe\/images\/coloquio_cs_la_sierra\/coloquio_La_Sierra-Conf-Impacto_de_las_tecnologias-Nilda_Varas.pdf\" target=\"_blank\" rel=\"noreferrer noopener\">Impacto de las tecnolog\u00edas (nuevas y tradicionales) en la Sierra &#8211; Nilda Varas<\/a><\/strong><\/li><li><strong><a href=\"https:\/\/portal.concytec.gob.pe\/images\/coloquio_cs_la_sierra\/coloquio_La_Sierra-Conf-Sierras_peruanas_hoy-Silvana_Vargas.pdf\" target=\"_blank\" rel=\"noreferrer noopener\">Sierras peruanas hoy: territorializando nuestras pol\u00edticas y estrategias institucionales &#8211; Silvana Vargas<\/a><\/strong><\/li><li><strong><a href=\"https:\/\/portal.concytec.gob.pe\/images\/coloquio_cs_la_sierra\/coloquio_La_Sierra-Panel-Sierras_peruanas_hoy-Arturo_Manrique.pdf\" target=\"_blank\" rel=\"noreferrer noopener\">Sierras peruanas hoy: territorializando nuestras pol\u00edticas y estrategias institucionales &#8211; Arturo Manrique<\/a><\/strong><\/li><li><strong><a href=\"https:\/\/portal.concytec.gob.pe\/images\/coloquio_cs_la_sierra\/coloquio_La_Sierra-Conf-Asociatividad_y_Politicas_Publicas-Richard_Webb.pdf\" target=\"_blank\" rel=\"noreferrer noopener\">Asociatividad, mercados y pol\u00edticas p\u00fablicas &#8211; Richard Webb<\/a><\/strong><\/li><li><strong><a href=\"https:\/\/portal.concytec.gob.pe\/images\/coloquio_cs_la_sierra\/coloquio_la_Sierra_Balance_final_Benjamin_Marticorena.pdf\" target=\"_blank\" rel=\"noreferrer noopener\">Balance &#8211; Benjam\u00edn Marticorena<\/a><\/strong><\/li><\/ol>\n\n\n\n<p>En el primer bloque, \u201cInvestigaci\u00f3n y Respuestas desde la Ciencia\u201d, los especialistas manifestaron que la tecnolog\u00eda es un instrumento dinamizador y transformador de la sociedad, pero que debe tener en cuenta la participaci\u00f3n de la poblaci\u00f3n e ir de la mano de pol\u00edticas p\u00fablicas, todav\u00eda largamente ausentes. Asimismo, se exhort\u00f3 a que a las tecnolog\u00edas modernas se sumen, en una combinaci\u00f3n apropiada a cada espacio andino espec\u00edfico, las tecnolog\u00edas tradicionales o nativas, que constituyen una contribuci\u00f3n de reconocida vigencia actual.&nbsp;&nbsp;<\/p>\n\n\n\n<p>El segundo bloque, referido a \u201cSociedad, Territorio, Institucionalidad y Asociatividad\u201d, se concentr\u00f3 en proponer un enfoque territorial para todas las dimensiones geogr\u00e1ficas, sociales, ambientales, econ\u00f3micas y culturales de esa gran regi\u00f3n que estructura al pa\u00eds. Adem\u00e1s, se enfatiz\u00f3 que la agricultura ha cambiado radicalmente en las \u00faltimas d\u00e9cadas por efecto de la globalizaci\u00f3n, y que se debe capacitar a los agricultores en la adaptaci\u00f3n de nuevas tecnolog\u00edas y recreaci\u00f3n de las tradicionales.<\/p>\n\n\n\n<p>En el tercer bloque, dedicado a \u201cMercados y Pol\u00edticas P\u00fablicas con enfoque en la Sierra\u201d, se expuso sobre el tr\u00e1nsito a la urbanizaci\u00f3n en la Sierra que ha ocurrido por factores distintos \u2013 como el crecimiento de los mercados, y los desarrollos tecnol\u00f3gicos llegados del exterior, entre otros &#8211; a los que se espera del planeamiento con estrategias deliberadas y pol\u00edticas p\u00fablicas.&nbsp;&nbsp;<\/p>\n\n\n\n<p>Como cierre, la Presidenta del Concytec, Fabiola Le\u00f3n-Velarde, destac\u00f3 la mirada multidisciplinaria sobre el tema, que el coloquio ha permitido. Finaliz\u00f3 sus palabras de clausura pidiendo a los expositores y a la comunidad cient\u00edfica en general, que contribuyan con la elaboraci\u00f3n de las propuestas de pol\u00edticas p\u00fablicas indispensables y en asociarse los cient\u00edficos naturales y los cient\u00edficos sociales para realizar investigaciones con mayor impacto para el desarrollo humano integral.<\/p>\n\n\n\n<p><\/p>\n","protected":false},"excerpt":{"rendered":"<p>El Concytec, a trav\u00e9s del Programa Especial de Popularizaci\u00f3n de la Ciencia, Tecnolog\u00eda e Innovaci\u00f3n Tecnol\u00f3gica (PPOP), realiz\u00f3 el coloquio Ciencia y Sociedad, por primera vez bajo la modalidad virtual, teniendo como tema a la Sierra. El evento se dividi\u00f3 en tres bloques, con un panel de destacados investigadores: Richard Webb, Nicole Bernex, Silvana Vargas, [&hellip;]<\/p>\n","protected":false},"author":1,"featured_media":744,"comment_status":"open","ping_status":"closed","sticky":false,"template":"","format":"standard","meta":{"footnotes":""},"categories":[16],"tags":[],"class_list":["post-509","post","type-post","status-publish","format-standard","has-post-thumbnail","hentry","category-investigacion"],"yoast_head":"<!-- This site is optimized with the Yoast SEO plugin v21.8 - https:\/\/yoast.com\/wordpress\/plugins\/seo\/ -->\n<title>Destacados investigadores piden repensar la Sierra e investigar sus profundos y recientes cambios - UNAH ALDIA<\/title>\n<meta name=\"robots\" content=\"index, follow, max-snippet:-1, max-image-preview:large, max-video-preview:-1\" \/>\n<link rel=\"canonical\" href=\"https:\/\/aldia.unah.edu.pe\/?p=509\" \/>\n<meta property=\"og:locale\" content=\"es_ES\" \/>\n<meta property=\"og:type\" content=\"article\" \/>\n<meta property=\"og:title\" content=\"Destacados investigadores piden repensar la Sierra e investigar sus profundos y recientes cambios - UNAH ALDIA\" \/>\n<meta property=\"og:description\" content=\"El Concytec, a trav\u00e9s del Programa Especial de Popularizaci\u00f3n de la Ciencia, Tecnolog\u00eda e Innovaci\u00f3n Tecnol\u00f3gica (PPOP), realiz\u00f3 el coloquio Ciencia y Sociedad, por primera vez bajo la modalidad virtual, teniendo como tema a la Sierra. El evento se dividi\u00f3 en tres bloques, con un panel de destacados investigadores: Richard Webb, Nicole Bernex, Silvana Vargas, [&hellip;]\" \/>\n<meta property=\"og:url\" content=\"https:\/\/aldia.unah.edu.pe\/?p=509\" \/>\n<meta property=\"og:site_name\" content=\"UNAH ALDIA\" \/>\n<meta property=\"article:publisher\" content=\"https:\/\/www.facebook.com\/unahlicenciada\" \/>\n<meta property=\"article:published_time\" content=\"2020-04-15T01:06:49+00:00\" \/>\n<meta property=\"article:modified_time\" content=\"2020-05-04T01:19:33+00:00\" \/>\n<meta property=\"og:image\" content=\"https:\/\/aldia.unah.edu.pe\/wp-content\/uploads\/2020\/04\/foto_nota_coloquio.jpg\" \/>\n\t<meta property=\"og:image:width\" content=\"1250\" \/>\n\t<meta property=\"og:image:height\" content=\"950\" \/>\n\t<meta property=\"og:image:type\" content=\"image\/jpeg\" \/>\n<meta name=\"author\" content=\"adminaldia\" \/>\n<meta name=\"twitter:card\" content=\"summary_large_image\" \/>\n<meta name=\"twitter:label1\" content=\"Escrito por\" \/>\n\t<meta name=\"twitter:data1\" content=\"adminaldia\" \/>\n\t<meta name=\"twitter:label2\" content=\"Tiempo de lectura\" \/>\n\t<meta name=\"twitter:data2\" content=\"2 minutos\" \/>\n<script type=\"application\/ld+json\" class=\"yoast-schema-graph\">{\"@context\":\"https:\/\/schema.org\",\"@graph\":[{\"@type\":\"Article\",\"@id\":\"https:\/\/aldia.unah.edu.pe\/?p=509#article\",\"isPartOf\":{\"@id\":\"https:\/\/aldia.unah.edu.pe\/?p=509\"},\"author\":{\"name\":\"adminaldia\",\"@id\":\"https:\/\/aldia.unah.edu.pe\/#\/schema\/person\/17033d3e421fee54b15482d54680e0b6\"},\"headline\":\"Destacados investigadores piden repensar la Sierra e investigar sus profundos y recientes cambios\",\"datePublished\":\"2020-04-15T01:06:49+00:00\",\"dateModified\":\"2020-05-04T01:19:33+00:00\",\"mainEntityOfPage\":{\"@id\":\"https:\/\/aldia.unah.edu.pe\/?p=509\"},\"wordCount\":510,\"commentCount\":0,\"publisher\":{\"@id\":\"https:\/\/aldia.unah.edu.pe\/#organization\"},\"articleSection\":[\"Investigaci\u00f3n\"],\"inLanguage\":\"es\",\"potentialAction\":[{\"@type\":\"CommentAction\",\"name\":\"Comment\",\"target\":[\"https:\/\/aldia.unah.edu.pe\/?p=509#respond\"]}]},{\"@type\":\"WebPage\",\"@id\":\"https:\/\/aldia.unah.edu.pe\/?p=509\",\"url\":\"https:\/\/aldia.unah.edu.pe\/?p=509\",\"name\":\"Destacados investigadores piden repensar la Sierra e investigar sus profundos y recientes cambios - UNAH ALDIA\",\"isPartOf\":{\"@id\":\"https:\/\/aldia.unah.edu.pe\/#website\"},\"datePublished\":\"2020-04-15T01:06:49+00:00\",\"dateModified\":\"2020-05-04T01:19:33+00:00\",\"breadcrumb\":{\"@id\":\"https:\/\/aldia.unah.edu.pe\/?p=509#breadcrumb\"},\"inLanguage\":\"es\",\"potentialAction\":[{\"@type\":\"ReadAction\",\"target\":[\"https:\/\/aldia.unah.edu.pe\/?p=509\"]}]},{\"@type\":\"BreadcrumbList\",\"@id\":\"https:\/\/aldia.unah.edu.pe\/?p=509#breadcrumb\",\"itemListElement\":[{\"@type\":\"ListItem\",\"position\":1,\"name\":\"Portada\",\"item\":\"https:\/\/aldia.unah.edu.pe\/\"},{\"@type\":\"ListItem\",\"position\":2,\"name\":\"Destacados investigadores piden repensar la Sierra e investigar sus profundos y recientes cambios\"}]},{\"@type\":\"WebSite\",\"@id\":\"https:\/\/aldia.unah.edu.pe\/#website\",\"url\":\"https:\/\/aldia.unah.edu.pe\/\",\"name\":\"UNAH ALDIA\",\"description\":\"\",\"publisher\":{\"@id\":\"https:\/\/aldia.unah.edu.pe\/#organization\"},\"potentialAction\":[{\"@type\":\"SearchAction\",\"target\":{\"@type\":\"EntryPoint\",\"urlTemplate\":\"https:\/\/aldia.unah.edu.pe\/?s={search_term_string}\"},\"query-input\":\"required name=search_term_string\"}],\"inLanguage\":\"es\"},{\"@type\":\"Organization\",\"@id\":\"https:\/\/aldia.unah.edu.pe\/#organization\",\"name\":\"UNAH ALDIA\",\"url\":\"https:\/\/aldia.unah.edu.pe\/\",\"logo\":{\"@type\":\"ImageObject\",\"inLanguage\":\"es\",\"@id\":\"https:\/\/aldia.unah.edu.pe\/#\/schema\/logo\/image\/\",\"url\":\"https:\/\/aldia.unah.edu.pe\/wp-content\/uploads\/2023\/02\/Grupo-de-5-objetos-2.png\",\"contentUrl\":\"https:\/\/aldia.unah.edu.pe\/wp-content\/uploads\/2023\/02\/Grupo-de-5-objetos-2.png\",\"width\":1225,\"height\":238,\"caption\":\"UNAH ALDIA\"},\"image\":{\"@id\":\"https:\/\/aldia.unah.edu.pe\/#\/schema\/logo\/image\/\"},\"sameAs\":[\"https:\/\/www.facebook.com\/unahlicenciada\"]},{\"@type\":\"Person\",\"@id\":\"https:\/\/aldia.unah.edu.pe\/#\/schema\/person\/17033d3e421fee54b15482d54680e0b6\",\"name\":\"adminaldia\",\"image\":{\"@type\":\"ImageObject\",\"inLanguage\":\"es\",\"@id\":\"https:\/\/aldia.unah.edu.pe\/#\/schema\/person\/image\/\",\"url\":\"https:\/\/aldia.unah.edu.pe\/wp-content\/uploads\/2023\/02\/cropped-logo-con-fondo-1-150x150.png\",\"contentUrl\":\"https:\/\/aldia.unah.edu.pe\/wp-content\/uploads\/2023\/02\/cropped-logo-con-fondo-1-150x150.png\",\"caption\":\"adminaldia\"},\"sameAs\":[\"https:\/\/www.aldia.unah.edu.pe\"],\"url\":\"https:\/\/aldia.unah.edu.pe\/?author=1\"}]}<\/script>\n<!-- \/ Yoast SEO plugin. -->","yoast_head_json":{"title":"Destacados investigadores piden repensar la Sierra e investigar sus profundos y recientes cambios - UNAH ALDIA","robots":{"index":"index","follow":"follow","max-snippet":"max-snippet:-1","max-image-preview":"max-image-preview:large","max-video-preview":"max-video-preview:-1"},"canonical":"https:\/\/aldia.unah.edu.pe\/?p=509","og_locale":"es_ES","og_type":"article","og_title":"Destacados investigadores piden repensar la Sierra e investigar sus profundos y recientes cambios - UNAH ALDIA","og_description":"El Concytec, a trav\u00e9s del Programa Especial de Popularizaci\u00f3n de la Ciencia, Tecnolog\u00eda e Innovaci\u00f3n Tecnol\u00f3gica (PPOP), realiz\u00f3 el coloquio Ciencia y Sociedad, por primera vez bajo la modalidad virtual, teniendo como tema a la Sierra. El evento se dividi\u00f3 en tres bloques, con un panel de destacados investigadores: Richard Webb, Nicole Bernex, Silvana Vargas, [&hellip;]","og_url":"https:\/\/aldia.unah.edu.pe\/?p=509","og_site_name":"UNAH ALDIA","article_publisher":"https:\/\/www.facebook.com\/unahlicenciada","article_published_time":"2020-04-15T01:06:49+00:00","article_modified_time":"2020-05-04T01:19:33+00:00","og_image":[{"width":1250,"height":950,"url":"https:\/\/aldia.unah.edu.pe\/wp-content\/uploads\/2020\/04\/foto_nota_coloquio.jpg","type":"image\/jpeg"}],"author":"adminaldia","twitter_card":"summary_large_image","twitter_misc":{"Escrito por":"adminaldia","Tiempo de lectura":"2 minutos"},"schema":{"@context":"https:\/\/schema.org","@graph":[{"@type":"Article","@id":"https:\/\/aldia.unah.edu.pe\/?p=509#article","isPartOf":{"@id":"https:\/\/aldia.unah.edu.pe\/?p=509"},"author":{"name":"adminaldia","@id":"https:\/\/aldia.unah.edu.pe\/#\/schema\/person\/17033d3e421fee54b15482d54680e0b6"},"headline":"Destacados investigadores piden repensar la Sierra e investigar sus profundos y recientes cambios","datePublished":"2020-04-15T01:06:49+00:00","dateModified":"2020-05-04T01:19:33+00:00","mainEntityOfPage":{"@id":"https:\/\/aldia.unah.edu.pe\/?p=509"},"wordCount":510,"commentCount":0,"publisher":{"@id":"https:\/\/aldia.unah.edu.pe\/#organization"},"articleSection":["Investigaci\u00f3n"],"inLanguage":"es","potentialAction":[{"@type":"CommentAction","name":"Comment","target":["https:\/\/aldia.unah.edu.pe\/?p=509#respond"]}]},{"@type":"WebPage","@id":"https:\/\/aldia.unah.edu.pe\/?p=509","url":"https:\/\/aldia.unah.edu.pe\/?p=509","name":"Destacados investigadores piden repensar la Sierra e investigar sus profundos y recientes cambios - UNAH ALDIA","isPartOf":{"@id":"https:\/\/aldia.unah.edu.pe\/#website"},"datePublished":"2020-04-15T01:06:49+00:00","dateModified":"2020-05-04T01:19:33+00:00","breadcrumb":{"@id":"https:\/\/aldia.unah.edu.pe\/?p=509#breadcrumb"},"inLanguage":"es","potentialAction":[{"@type":"ReadAction","target":["https:\/\/aldia.unah.edu.pe\/?p=509"]}]},{"@type":"BreadcrumbList","@id":"https:\/\/aldia.unah.edu.pe\/?p=509#breadcrumb","itemListElement":[{"@type":"ListItem","position":1,"name":"Portada","item":"https:\/\/aldia.unah.edu.pe\/"},{"@type":"ListItem","position":2,"name":"Destacados investigadores piden repensar la Sierra e investigar sus profundos y recientes cambios"}]},{"@type":"WebSite","@id":"https:\/\/aldia.unah.edu.pe\/#website","url":"https:\/\/aldia.unah.edu.pe\/","name":"UNAH ALDIA","description":"","publisher":{"@id":"https:\/\/aldia.unah.edu.pe\/#organization"},"potentialAction":[{"@type":"SearchAction","target":{"@type":"EntryPoint","urlTemplate":"https:\/\/aldia.unah.edu.pe\/?s={search_term_string}"},"query-input":"required name=search_term_string"}],"inLanguage":"es"},{"@type":"Organization","@id":"https:\/\/aldia.unah.edu.pe\/#organization","name":"UNAH ALDIA","url":"https:\/\/aldia.unah.edu.pe\/","logo":{"@type":"ImageObject","inLanguage":"es","@id":"https:\/\/aldia.unah.edu.pe\/#\/schema\/logo\/image\/","url":"https:\/\/aldia.unah.edu.pe\/wp-content\/uploads\/2023\/02\/Grupo-de-5-objetos-2.png","contentUrl":"https:\/\/aldia.unah.edu.pe\/wp-content\/uploads\/2023\/02\/Grupo-de-5-objetos-2.png","width":1225,"height":238,"caption":"UNAH ALDIA"},"image":{"@id":"https:\/\/aldia.unah.edu.pe\/#\/schema\/logo\/image\/"},"sameAs":["https:\/\/www.facebook.com\/unahlicenciada"]},{"@type":"Person","@id":"https:\/\/aldia.unah.edu.pe\/#\/schema\/person\/17033d3e421fee54b15482d54680e0b6","name":"adminaldia","image":{"@type":"ImageObject","inLanguage":"es","@id":"https:\/\/aldia.unah.edu.pe\/#\/schema\/person\/image\/","url":"https:\/\/aldia.unah.edu.pe\/wp-content\/uploads\/2023\/02\/cropped-logo-con-fondo-1-150x150.png","contentUrl":"https:\/\/aldia.unah.edu.pe\/wp-content\/uploads\/2023\/02\/cropped-logo-con-fondo-1-150x150.png","caption":"adminaldia"},"sameAs":["https:\/\/www.aldia.unah.edu.pe"],"url":"https:\/\/aldia.unah.edu.pe\/?author=1"}]}},"views":750,"_links":{"self":[{"href":"https:\/\/aldia.unah.edu.pe\/index.php?rest_route=\/wp\/v2\/posts\/509","targetHints":{"allow":["GET"]}}],"collection":[{"href":"https:\/\/aldia.unah.edu.pe\/index.php?rest_route=\/wp\/v2\/posts"}],"about":[{"href":"https:\/\/aldia.unah.edu.pe\/index.php?rest_route=\/wp\/v2\/types\/post"}],"author":[{"embeddable":true,"href":"https:\/\/aldia.unah.edu.pe\/index.php?rest_route=\/wp\/v2\/users\/1"}],"replies":[{"embeddable":true,"href":"https:\/\/aldia.unah.edu.pe\/index.php?rest_route=%2Fwp%2Fv2%2Fcomments&post=509"}],"version-history":[{"count":14,"href":"https:\/\/aldia.unah.edu.pe\/index.php?rest_route=\/wp\/v2\/posts\/509\/revisions"}],"predecessor-version":[{"id":749,"href":"https:\/\/aldia.unah.edu.pe\/index.php?rest_route=\/wp\/v2\/posts\/509\/revisions\/749"}],"wp:featuredmedia":[{"embeddable":true,"href":"https:\/\/aldia.unah.edu.pe\/index.php?rest_route=\/wp\/v2\/media\/744"}],"wp:attachment":[{"href":"https:\/\/aldia.unah.edu.pe\/index.php?rest_route=%2Fwp%2Fv2%2Fmedia&parent=509"}],"wp:term":[{"taxonomy":"category","embeddable":true,"href":"https:\/\/aldia.unah.edu.pe\/index.php?rest_route=%2Fwp%2Fv2%2Fcategories&post=509"},{"taxonomy":"post_tag","embeddable":true,"href":"https:\/\/aldia.unah.edu.pe\/index.php?rest_route=%2Fwp%2Fv2%2Ftags&post=509"}],"curies":[{"name":"wp","href":"https:\/\/api.w.org\/{rel}","templated":true}]}}